{"id":2064,"date":"2021-11-19T13:10:38","date_gmt":"2021-11-19T13:10:38","guid":{"rendered":"https:\/\/hotelschoenegg.at\/velo\/"},"modified":"2026-02-26T11:56:00","modified_gmt":"2026-02-26T11:56:00","slug":"velo","status":"publish","type":"post","link":"https:\/\/hotelschoenegg.at\/fr\/velo\/","title":{"rendered":"Faire du v\u00e9lo dans la r\u00e9gion de Seefeld"},"content":{"rendered":"\t\t<div data-elementor-type=\"wp-post\" data-elementor-id=\"2064\" class=\"elementor elementor-2064 elementor-601\" data-elementor-post-type=\"post\">\n\t\t\t\t\t\t<section class=\"elementor-section elementor-top-section elementor-element elementor-element-5c4d1fdc elementor-section-boxed elementor-section-height-default elementor-section-height-default\" data-id=\"5c4d1fdc\" data-element_type=\"section\" data-e-type=\"section\">\n\t\t\t\t\t\t<div class=\"elementor-container elementor-column-gap-default\">\n\t\t\t\t\t<div class=\"elementor-column elementor-col-100 elementor-top-column elementor-element elementor-element-1c672a3d\" data-id=\"1c672a3d\" data-element_type=\"column\" data-e-type=\"column\">\n\t\t\t<div class=\"elementor-widget-wrap elementor-element-populated\">\n\t\t\t\t\t\t<div class=\"elementor-element elementor-element-32280eaf elementor-widget elementor-widget-text-editor\" data-id=\"32280eaf\" data-element_type=\"widget\" data-e-type=\"widget\" data-widget_type=\"text-editor.default\">\n\t\t\t\t<div class=\"elementor-widget-container\">\n\t\t\t\t\t\t\t\t\t<p>Qu&rsquo;il s&rsquo;agisse de circuits faciles ou difficiles, de single trails d\u00e9licats ou de descentes palpitantes &#8211; du d\u00e9butant \u00e0 l&rsquo;expert en v\u00e9lo, chaque cycliste de loisir et chaque v\u00e9t\u00e9tiste trouvera ici le d\u00e9fi qui lui convient. Les excellentes routes, chemins et parcours d&rsquo;entra\u00eenement sont tr\u00e8s appr\u00e9ci\u00e9s, m\u00eame par les coureurs cyclistes ambitieux.<\/p>\n<p>Qu&rsquo;il s&rsquo;agisse de vacances \u00e0 v\u00e9lo tranquilles ou d&rsquo;une randonn\u00e9e \u00e0 v\u00e9lo exigeante, le d\u00e9part se fait directement de notre h\u00f4tel Sch\u00f6negg. <strong>Des v\u00e9los \u00e9lectriques de montagne sont compris pour 3 jours.<\/strong>. Des casques et des cartes cyclistes sont disponibles gratuitement pour votre excursion \u00e0 v\u00e9lo autour du plateau de Seefeld, directement \u00e0 la r\u00e9ception. <\/p>\n<p>Un parking \u00e0 v\u00e9los verrouillable avec \u00e9lectricit\u00e9 est \u00e9galement disponible.<\/p>\n<p><em>Astrid et Martin, chefs de la maison et eux-m\u00eames passionn\u00e9s de v\u00e9lo \u00e9lectrique, sont toujours pr\u00eats \u00e0 donner des conseils et des astuces et se feront un plaisir de vous montrer les plus beaux circuits autour de Seefeld.<\/em><\/p>\n\t\t\t\t\t\t\t\t<\/div>\n\t\t\t\t<\/div>\n\t\t\t\t\t<\/div>\n\t\t<\/div>\n\t\t\t\t\t<\/div>\n\t\t<\/section>\n\t\t\t\t<section class=\"elementor-section elementor-top-section elementor-element elementor-element-1a3ccfe8 elementor-section-boxed elementor-section-height-default elementor-section-height-default\" data-id=\"1a3ccfe8\" data-element_type=\"section\" data-e-type=\"section\" data-settings=\"{&quot;background_background&quot;:&quot;classic&quot;}\">\n\t\t\t\t\t\t<div class=\"elementor-container elementor-column-gap-default\">\n\t\t\t\t\t<div class=\"elementor-column elementor-col-100 elementor-top-column elementor-element elementor-element-215e4e13\" data-id=\"215e4e13\" data-element_type=\"column\" data-e-type=\"column\">\n\t\t\t<div class=\"elementor-widget-wrap elementor-element-populated\">\n\t\t\t\t\t\t<div class=\"elementor-element elementor-element-2bde914c elementor-widget elementor-widget-heading\" data-id=\"2bde914c\" data-element_type=\"widget\" data-e-type=\"widget\" data-widget_type=\"heading.default\">\n\t\t\t\t<div class=\"elementor-widget-container\">\n\t\t\t\t\t<h2 class=\"elementor-heading-title elementor-size-default\">Notre offre pour faire du v\u00e9lo dans la r\u00e9gion de Seefeld<\/h2>\t\t\t\t<\/div>\n\t\t\t\t<\/div>\n\t\t\t\t<div class=\"elementor-element elementor-element-59d3b85a elementor-widget elementor-widget-text-editor\" data-id=\"59d3b85a\" data-element_type=\"widget\" data-e-type=\"widget\" data-widget_type=\"text-editor.default\">\n\t\t\t\t<div class=\"elementor-widget-container\">\n\t\t\t\t\t\t\t\t\t<ul>\n<li>7 nuit\u00e9es en chambre double avec baignoire\/WC et balcon, ou en chambre suite Junior avec baignoire\/WC, balcon et coin salon<\/li>\n<li>Grand buffet de petit-d\u00e9jeuner vari\u00e9 avec coin c\u00e9r\u00e9ales et pyramide de fruits frais de saison<\/li>\n<li>demi-pension disponible<\/li>\n<li>Menu international quotidien au choix le soir et<\/li>\n<li>en plus des sp\u00e9cialit\u00e9s r\u00e9gionales du Tyrol et\/ou v\u00e9g\u00e9tariennes<\/li>\n<li>Sauna, chaise infraouge et bain turc \u00e0 l\u2019h\u00f4tel<\/li>\n<li>Nuoto a Seefelder Wildsee con ingresso gratuito alla perla della spiaggia con piscina aggiuntiva e grande prato. Dal luned\u00ec al gioved\u00ec.**\n<li>Ingresso gratuito alla grande piscina pubblica di Seefeld con piscina all\u2019aperto e al coperto (giorni feriali dal luned\u00ec al gioved\u00ec 3 ore, salvo periodo di apertura)**\n<\/ul>\n<p>&nbsp;<\/p>\n<p><strong>Suppl\u00e9ments offert:<\/strong><\/p>\n<ul>\n<li>3 jours E-velo<\/li>\n<li>Carte de la r\u00e9gion pour les v\u00e9los et les v\u00e9los \u00e9lectriques<\/li>\n<li>Eau min\u00e9rale \u00e0 emporter<\/li>\n<li>petit booster d&rsquo;\u00e9nergie, barre de fruits et muesli<\/li>\n<li>Parking \u00e0 v\u00e9los verrouillable avec connexion \u00e9lectrique<\/li>\n<\/ul>\n\t\t\t\t\t\t\t\t<\/div>\n\t\t\t\t<\/div>\n\t\t\t\t\t<\/div>\n\t\t<\/div>\n\t\t\t\t\t<\/div>\n\t\t<\/section>\n\t\t\t\t<section class=\"elementor-section elementor-top-section elementor-element elementor-element-478c4998 elementor-section-boxed elementor-section-height-default elementor-section-height-default\" data-id=\"478c4998\" data-element_type=\"section\" data-e-type=\"section\" data-settings=\"{&quot;background_background&quot;:&quot;classic&quot;}\">\n\t\t\t\t\t\t<div class=\"elementor-container elementor-column-gap-default\">\n\t\t\t\t\t<div class=\"elementor-column elementor-col-100 elementor-top-column elementor-element elementor-element-a55001c\" data-id=\"a55001c\" data-element_type=\"column\" data-e-type=\"column\">\n\t\t\t<div class=\"elementor-widget-wrap elementor-element-populated\">\n\t\t\t\t\t\t<div class=\"elementor-element elementor-element-4080b661 uael-header-sticky-no uael-border-yes elementor-widget elementor-widget-uael-table\" data-id=\"4080b661\" data-element_type=\"widget\" data-e-type=\"widget\" data-widget_type=\"uael-table.default\">\n\t\t\t\t<div class=\"elementor-widget-container\">\n\t\t\t\t\t<div itemscope class=\"uael-table-wrapper\" itemtype=\"http:\/\/schema.org\/Table\">\n\t\t<table id=\"uael-table-id-4080b661\" class=\"uael-text-break uael-column-rules uael-table\" data-sort-table=\"no\" data-show-entry=\"no\" data-searchable=\"no\" data-responsive=\"no\">\n\t\t\t\t<thead>\n\t\t\t\t\t\t\t\t\t\t<tr class=\"uael-table-row\">\n\t\t\t\t\t\t\t\t\t\t\t\t\t<th data-sort=\"0\" class=\"sort-this elementor-repeater-item-4c5d0d7 uael-table-col uael-table-head-cell-text\" scope=\"col\">\n\t\t\t\t\t\t\t<span class=\"sort-style\">\n\t\t\t\t\t\t\t<span class=\"uael-table__text\">\n\t\t\t\t\t\t\t\t\t\t\t\t\t\t\t\t\t\t\t\t\t\t\t\t\t\t\t\t\t\t\t\t\t\t<span class=\"uael-table__text-inner\"><strong>\u00c9v\u00e9nements<\/strong><\/span>\n\n\t\t\t\t\t\t\t\t\t\t\t\t\t\t\t\t\t\t\t\t\t\t\t\t\t\t\t\t\t\t\t\t\t<\/span>\n\t\t\t\t\t\t\t\t\t\t\t\t\t\t<\/span>\n\t\t\t\t\t\t<\/th>\n\t\t\t\t\t\t\t\t\t\t\t\t<th data-sort=\"1\" class=\"sort-this elementor-repeater-item-1206a2c uael-table-col uael-table-head-cell-text\" scope=\"col\">\n\t\t\t\t\t\t\t<span class=\"sort-style\">\n\t\t\t\t\t\t\t<span class=\"uael-table__text\">\n\t\t\t\t\t\t\t\t\t\t\t\t\t\t\t\t\t\t\t\t\t\t\t\t\t\t\t\t\t\t\t\t\t\t<span class=\"uael-table__text-inner\">21.05.-20.06.26<\/br>20.09.-04.10.26<\/span>\n\n\t\t\t\t\t\t\t\t\t\t\t\t\t\t\t\t\t\t\t\t\t\t\t\t\t\t\t\t\t\t\t\t\t<\/span>\n\t\t\t\t\t\t\t\t\t\t\t\t\t\t<\/span>\n\t\t\t\t\t\t<\/th>\n\t\t\t\t\t\t\t\t\t\t\t\t<th data-sort=\"2\" class=\"sort-this elementor-repeater-item-e096c17 uael-table-col uael-table-head-cell-text\" scope=\"col\">\n\t\t\t\t\t\t\t<span class=\"sort-style\">\n\t\t\t\t\t\t\t<span class=\"uael-table__text\">\n\t\t\t\t\t\t\t\t\t\t\t\t\t\t\t\t\t\t\t\t\t\t\t\t\t\t\t\t\t\t\t\t\t\t<span class=\"uael-table__text-inner\">20.06.-18.07.26<\/br>13.09.-20.09.26<\/span>\n\n\t\t\t\t\t\t\t\t\t\t\t\t\t\t\t\t\t\t\t\t\t\t\t\t\t\t\t\t\t\t\t\t\t<\/span>\n\t\t\t\t\t\t\t\t\t\t\t\t\t\t<\/span>\n\t\t\t\t\t\t<\/th>\n\t\t\t\t\t\t\t\t\t\t\t\t<th data-sort=\"3\" class=\"sort-this elementor-repeater-item-6c277de uael-table-col uael-table-head-cell-text\" scope=\"col\">\n\t\t\t\t\t\t\t<span class=\"sort-style\">\n\t\t\t\t\t\t\t<span class=\"uael-table__text\">\n\t\t\t\t\t\t\t\t\t\t\t\t\t\t\t\t\t\t\t\t\t\t\t\t\t\t\t\t\t\t\t\t\t\t<span class=\"uael-table__text-inner\">18.07.-25.07.26<\/br>30.08.-13.09.26<\/span>\n\n\t\t\t\t\t\t\t\t\t\t\t\t\t\t\t\t\t\t\t\t\t\t\t\t\t\t\t\t\t\t\t\t\t<\/span>\n\t\t\t\t\t\t\t\t\t\t\t\t\t\t<\/span>\n\t\t\t\t\t\t<\/th>\n\t\t\t\t\t\t\t\t\t\t\t\t<th data-sort=\"4\" class=\"sort-this elementor-repeater-item-d6c5e87 uael-table-col uael-table-head-cell-text\" scope=\"col\">\n\t\t\t\t\t\t\t<span class=\"sort-style\">\n\t\t\t\t\t\t\t<span class=\"uael-table__text\">\n\t\t\t\t\t\t\t\t\t\t\t\t\t\t\t\t\t\t\t\t\t\t\t\t\t\t\t\t\t\t\t\t\t\t<span class=\"uael-table__text-inner\">25.07.26.- 30.08.26<\/span>\n\n\t\t\t\t\t\t\t\t\t\t\t\t\t\t\t\t\t\t\t\t\t\t\t\t\t\t\t\t\t\t\t\t\t<\/span>\n\t\t\t\t\t\t\t\t\t\t\t\t\t\t<\/span>\n\t\t\t\t\t\t<\/th>\n\t\t\t\t\t\t\t\t<\/thead>\n\t\t\t\t<tbody>\n\t\t\t<!-- ROWS -->\n\t\t\t\t\t\t\t\t\t\t<tr data-entry=\"1\" class=\"uael-table-row\">\n\t\t\t\t\t\t\t\t\t\t\t\t\t\t\t\t\t<td class=\"uael-table-col uael-table-body-cell-text elementor-repeater-item-fac164f\" data-title=\"&lt;strong&gt;\u00c9v\u00e9nements&lt;\/strong&gt;\">\n\t\t\t\t\t\t\t\t\t\t\t\t\t\t\t<span class=\"uael-table__text\">\n\t\t\t\t\t\t\t\t\t\t\t\t\t\t\t\t\t\t\t\t\t\t\t\t\t\t\t\t\t\t\t\t\t\t\t\t\t<span class=\"uael-table__text-inner\">7 nuits dans chambre double avec balcon<\/span>\n\t\t\t\t\t\t\t\t\t\t\t\t\t\t\t\t\t\t\t\t\t\t\t\t\t\t\t\t\t\t\t\t\t\t\t\t<\/span>\n\t\t\t\t\t\t\t\t\t\t\t\t\t<\/td>\n\t\t\t\t\t\t\t\t\t\t\t\t\t<td class=\"uael-table-col uael-table-body-cell-text elementor-repeater-item-aa8cd95\" data-title=\"21.05.-20.06.26&lt;\/br&gt;20.09.-04.10.26\">\n\t\t\t\t\t\t\t\t\t\t\t\t\t\t\t<span class=\"uael-table__text\">\n\t\t\t\t\t\t\t\t\t\t\t\t\t\t\t\t\t\t\t\t\t\t\t\t\t\t\t\t\t\t\t\t\t\t\t\t\t<span class=\"uael-table__text-inner\">\u20ac 664,-<\/span>\n\t\t\t\t\t\t\t\t\t\t\t\t\t\t\t\t\t\t\t\t\t\t\t\t\t\t\t\t\t\t\t\t\t\t\t\t<\/span>\n\t\t\t\t\t\t\t\t\t\t\t\t\t<\/td>\n\t\t\t\t\t\t\t\t\t\t\t\t\t<td class=\"uael-table-col uael-table-body-cell-text elementor-repeater-item-c406c03\" data-title=\"20.06.-18.07.26&lt;\/br&gt;13.09.-20.09.26\">\n\t\t\t\t\t\t\t\t\t\t\t\t\t\t\t<span class=\"uael-table__text\">\n\t\t\t\t\t\t\t\t\t\t\t\t\t\t\t\t\t\t\t\t\t\t\t\t\t\t\t\t\t\t\t\t\t\t\t\t\t<span class=\"uael-table__text-inner\">\u20ac 685,-<\/span>\n\t\t\t\t\t\t\t\t\t\t\t\t\t\t\t\t\t\t\t\t\t\t\t\t\t\t\t\t\t\t\t\t\t\t\t\t<\/span>\n\t\t\t\t\t\t\t\t\t\t\t\t\t<\/td>\n\t\t\t\t\t\t\t\t\t\t\t\t\t<td class=\"uael-table-col uael-table-body-cell-text elementor-repeater-item-dceaf35\" data-title=\"18.07.-25.07.26&lt;\/br&gt;30.08.-13.09.26\">\n\t\t\t\t\t\t\t\t\t\t\t\t\t\t\t<span class=\"uael-table__text\">\n\t\t\t\t\t\t\t\t\t\t\t\t\t\t\t\t\t\t\t\t\t\t\t\t\t\t\t\t\t\t\t\t\t\t\t\t\t<span class=\"uael-table__text-inner\">\u20ac 706,-<\/span>\n\t\t\t\t\t\t\t\t\t\t\t\t\t\t\t\t\t\t\t\t\t\t\t\t\t\t\t\t\t\t\t\t\t\t\t\t<\/span>\n\t\t\t\t\t\t\t\t\t\t\t\t\t<\/td>\n\t\t\t\t\t\t\t\t\t\t\t\t\t<td class=\"uael-table-col uael-table-body-cell-text elementor-repeater-item-c1e4446\" data-title=\"25.07.26.- 30.08.26\">\n\t\t\t\t\t\t\t\t\t\t\t\t\t\t\t<span class=\"uael-table__text\">\n\t\t\t\t\t\t\t\t\t\t\t\t\t\t\t\t\t\t\t\t\t\t\t\t\t\t\t\t\t\t\t\t\t\t\t\t\t<span class=\"uael-table__text-inner\">\u20ac 727,-<\/span>\n\t\t\t\t\t\t\t\t\t\t\t\t\t\t\t\t\t\t\t\t\t\t\t\t\t\t\t\t\t\t\t\t\t\t\t\t<\/span>\n\t\t\t\t\t\t\t\t\t\t\t\t\t<\/td>\n\t\t\t\t\t\t\t\t\t\t\t\t\t\t<\/tr><tr data-entry=\"2\" class=\"uael-table-row\">\n\t\t\t\t\t\t\t\t\t\t\t\t\t\t\t\t\t\t<td class=\"uael-table-col uael-table-body-cell-text elementor-repeater-item-1f4c996\" data-title=\"&lt;strong&gt;\u00c9v\u00e9nements&lt;\/strong&gt;\">\n\t\t\t\t\t\t\t\t\t\t\t\t\t\t\t<span class=\"uael-table__text\">\n\t\t\t\t\t\t\t\t\t\t\t\t\t\t\t\t\t\t\t\t\t\t\t\t\t\t\t\t\t\t\t\t\t\t\t\t\t<span class=\"uael-table__text-inner\">7 nuits dans une Juniorsuite  avec balcon<\/span>\n\t\t\t\t\t\t\t\t\t\t\t\t\t\t\t\t\t\t\t\t\t\t\t\t\t\t\t\t\t\t\t\t\t\t\t\t<\/span>\n\t\t\t\t\t\t\t\t\t\t\t\t\t<\/td>\n\t\t\t\t\t\t\t\t\t\t\t\t\t<td class=\"uael-table-col uael-table-body-cell-text elementor-repeater-item-293330b\" data-title=\"21.05.-20.06.26&lt;\/br&gt;20.09.-04.10.26\">\n\t\t\t\t\t\t\t\t\t\t\t\t\t\t\t<span class=\"uael-table__text\">\n\t\t\t\t\t\t\t\t\t\t\t\t\t\t\t\t\t\t\t\t\t\t\t\t\t\t\t\t\t\t\t\t\t\t\t\t\t<span class=\"uael-table__text-inner\">\u20ac 699,-<\/span>\n\t\t\t\t\t\t\t\t\t\t\t\t\t\t\t\t\t\t\t\t\t\t\t\t\t\t\t\t\t\t\t\t\t\t\t\t<\/span>\n\t\t\t\t\t\t\t\t\t\t\t\t\t<\/td>\n\t\t\t\t\t\t\t\t\t\t\t\t\t<td class=\"uael-table-col uael-table-body-cell-text elementor-repeater-item-8d632f7\" data-title=\"20.06.-18.07.26&lt;\/br&gt;13.09.-20.09.26\">\n\t\t\t\t\t\t\t\t\t\t\t\t\t\t\t<span class=\"uael-table__text\">\n\t\t\t\t\t\t\t\t\t\t\t\t\t\t\t\t\t\t\t\t\t\t\t\t\t\t\t\t\t\t\t\t\t\t\t\t\t<span class=\"uael-table__text-inner\">\u20ac 720,-<\/span>\n\t\t\t\t\t\t\t\t\t\t\t\t\t\t\t\t\t\t\t\t\t\t\t\t\t\t\t\t\t\t\t\t\t\t\t\t<\/span>\n\t\t\t\t\t\t\t\t\t\t\t\t\t<\/td>\n\t\t\t\t\t\t\t\t\t\t\t\t\t<td class=\"uael-table-col uael-table-body-cell-text elementor-repeater-item-2912ad4\" data-title=\"18.07.-25.07.26&lt;\/br&gt;30.08.-13.09.26\">\n\t\t\t\t\t\t\t\t\t\t\t\t\t\t\t<span class=\"uael-table__text\">\n\t\t\t\t\t\t\t\t\t\t\t\t\t\t\t\t\t\t\t\t\t\t\t\t\t\t\t\t\t\t\t\t\t\t\t\t\t<span class=\"uael-table__text-inner\">\u20ac 741,-<\/span>\n\t\t\t\t\t\t\t\t\t\t\t\t\t\t\t\t\t\t\t\t\t\t\t\t\t\t\t\t\t\t\t\t\t\t\t\t<\/span>\n\t\t\t\t\t\t\t\t\t\t\t\t\t<\/td>\n\t\t\t\t\t\t\t\t\t\t\t\t\t<td class=\"uael-table-col uael-table-body-cell-text elementor-repeater-item-c7cb518\" data-title=\"25.07.26.- 30.08.26\">\n\t\t\t\t\t\t\t\t\t\t\t\t\t\t\t<span class=\"uael-table__text\">\n\t\t\t\t\t\t\t\t\t\t\t\t\t\t\t\t\t\t\t\t\t\t\t\t\t\t\t\t\t\t\t\t\t\t\t\t\t<span class=\"uael-table__text-inner\">\u20ac 762,-<\/span>\n\t\t\t\t\t\t\t\t\t\t\t\t\t\t\t\t\t\t\t\t\t\t\t\t\t\t\t\t\t\t\t\t\t\t\t\t<\/span>\n\t\t\t\t\t\t\t\t\t\t\t\t\t<\/td>\n\t\t\t\t\t\t\t\t\t\t\t\t\t\t<\/tr><tr data-entry=\"3\" class=\"uael-table-row\">\n\t\t\t\t\t\t\t\t\t\t\t\t\t\t\t\t\t\t<td class=\"uael-table-col uael-table-body-cell-text elementor-repeater-item-c8a04a2\" data-title=\"&lt;strong&gt;\u00c9v\u00e9nements&lt;\/strong&gt;\">\n\t\t\t\t\t\t\t\t\t\t\t\t\t\t\t<span class=\"uael-table__text\">\n\t\t\t\t\t\t\t\t\t\t\t\t\t\t\t\t\t\t\t\t\t\t\t\t\t\t\t\t\t\t\t\t\t\t\t\t\t<span class=\"uael-table__text-inner\">Supplement demi-pension 7 nuits<\/span>\n\t\t\t\t\t\t\t\t\t\t\t\t\t\t\t\t\t\t\t\t\t\t\t\t\t\t\t\t\t\t\t\t\t\t\t\t<\/span>\n\t\t\t\t\t\t\t\t\t\t\t\t\t<\/td>\n\t\t\t\t\t\t\t\t\t\t\t\t\t<td class=\"uael-table-col uael-table-body-cell-text elementor-repeater-item-ea574b0\" data-title=\"21.05.-20.06.26&lt;\/br&gt;20.09.-04.10.26\">\n\t\t\t\t\t\t\t\t\t\t\t\t\t\t\t<span class=\"uael-table__text\">\n\t\t\t\t\t\t\t\t\t\t\t\t\t\t\t\t\t\t\t\t\t\t\t\t\t\t\t\t\t\t\t\t\t\t\t\t\t<span class=\"uael-table__text-inner\">\u20ac 105,-<\/span>\n\t\t\t\t\t\t\t\t\t\t\t\t\t\t\t\t\t\t\t\t\t\t\t\t\t\t\t\t\t\t\t\t\t\t\t\t<\/span>\n\t\t\t\t\t\t\t\t\t\t\t\t\t<\/td>\n\t\t\t\t\t\t\t\t\t\t\t\t\t<td class=\"uael-table-col uael-table-body-cell-text elementor-repeater-item-dd382df\" data-title=\"20.06.-18.07.26&lt;\/br&gt;13.09.-20.09.26\">\n\t\t\t\t\t\t\t\t\t\t\t\t\t\t\t<span class=\"uael-table__text\">\n\t\t\t\t\t\t\t\t\t\t\t\t\t\t\t\t\t\t\t\t\t\t\t\t\t\t\t\t\t\t\t\t\t\t\t\t\t<span class=\"uael-table__text-inner\">\u20ac 105,-<\/span>\n\t\t\t\t\t\t\t\t\t\t\t\t\t\t\t\t\t\t\t\t\t\t\t\t\t\t\t\t\t\t\t\t\t\t\t\t<\/span>\n\t\t\t\t\t\t\t\t\t\t\t\t\t<\/td>\n\t\t\t\t\t\t\t\t\t\t\t\t\t<td class=\"uael-table-col uael-table-body-cell-text elementor-repeater-item-1b68ca2\" data-title=\"18.07.-25.07.26&lt;\/br&gt;30.08.-13.09.26\">\n\t\t\t\t\t\t\t\t\t\t\t\t\t\t\t<span class=\"uael-table__text\">\n\t\t\t\t\t\t\t\t\t\t\t\t\t\t\t\t\t\t\t\t\t\t\t\t\t\t\t\t\t\t\t\t\t\t\t\t\t<span class=\"uael-table__text-inner\">\u20ac 105,-<\/span>\n\t\t\t\t\t\t\t\t\t\t\t\t\t\t\t\t\t\t\t\t\t\t\t\t\t\t\t\t\t\t\t\t\t\t\t\t<\/span>\n\t\t\t\t\t\t\t\t\t\t\t\t\t<\/td>\n\t\t\t\t\t\t\t\t\t\t\t\t\t<td class=\"uael-table-col uael-table-body-cell-text elementor-repeater-item-3b5f3b3\" data-title=\"25.07.26.- 30.08.26\">\n\t\t\t\t\t\t\t\t\t\t\t\t\t\t\t<span class=\"uael-table__text\">\n\t\t\t\t\t\t\t\t\t\t\t\t\t\t\t\t\t\t\t\t\t\t\t\t\t\t\t\t\t\t\t\t\t\t\t\t\t<span class=\"uael-table__text-inner\">\u20ac 105,-<\/span>\n\t\t\t\t\t\t\t\t\t\t\t\t\t\t\t\t\t\t\t\t\t\t\t\t\t\t\t\t\t\t\t\t\t\t\t\t<\/span>\n\t\t\t\t\t\t\t\t\t\t\t\t\t<\/td>\n\t\t\t\t\t\t\t\t\t<\/tbody>\n\t<\/table>\n\t\t<\/div>\n\t\t\t\t<\/div>\n\t\t\t\t<\/div>\n\t\t\t\t<div class=\"elementor-element elementor-element-172f0aa9 elementor-widget elementor-widget-text-editor\" data-id=\"172f0aa9\" data-element_type=\"widget\" data-e-type=\"widget\" data-widget_type=\"text-editor.default\">\n\t\t\t\t<div class=\"elementor-widget-container\">\n\t\t\t\t\t\t\t\t\t<p>Le v\u00e9lo \u00e9lectrique est inclus pour 3 jours. Les prix sont par personne pour 7 nuits, petit d\u00e9jeuner comprise, taxes locales en sus.<\/p>\n<p>Veuillez noter : les v\u00e9los \u00e9lectriques sont offerts dans la limite des stocks disponibles. Nous ne disposons pas de v\u00e9los \u00e9lectriques pour enfants.<\/p>\n<h6>**L\u2019ingresso gratuito al lido di lago di Seefeld e alla piscina pubblica di Seefeld dipende dagli orari di apertura delle piscine.L\u2019ingresso alle due piscine avviene tramite voucher, che riceverete direttamente alla reception.<\/h6>\n<p><\/p>\n<h6>Acquistiamo i voucher e li regaliamo gratuitamente ai nostri ospiti.Purtroppo siamo vincolati alle condizioni delle piscine e accettano i buoni solo nei giorni lavorativi dal luned\u00ec al gioved\u00ec.<\/h6>\n\t\t\t\t\t\t\t\t<\/div>\n\t\t\t\t<\/div>\n\t\t\t\t\t<\/div>\n\t\t<\/div>\n\t\t\t\t\t<\/div>\n\t\t<\/section>\n\t\t\t\t<section class=\"elementor-section elementor-top-section elementor-element elementor-element-d959d11 elementor-section-boxed elementor-section-height-default elementor-section-height-default\" data-id=\"d959d11\" data-element_type=\"section\" data-e-type=\"section\">\n\t\t\t\t\t\t<div class=\"elementor-container elementor-column-gap-default\">\n\t\t\t\t\t<div class=\"elementor-column elementor-col-33 elementor-top-column elementor-element elementor-element-16246ed\" data-id=\"16246ed\" data-element_type=\"column\" data-e-type=\"column\">\n\t\t\t<div class=\"elementor-widget-wrap elementor-element-populated\">\n\t\t\t\t\t\t<div class=\"elementor-element elementor-element-1f591df elementor-widget__width-initial elementor-widget elementor-widget-button\" data-id=\"1f591df\" data-element_type=\"widget\" data-e-type=\"widget\" data-widget_type=\"button.default\">\n\t\t\t\t<div class=\"elementor-widget-container\">\n\t\t\t\t\t\t\t\t\t<div class=\"elementor-button-wrapper\">\n\t\t\t\t\t<a class=\"elementor-button elementor-button-link elementor-size-sm\" href=\"https:\/\/hotelschoenegg.at\/fr\/reserve\/\">\n\t\t\t\t\t\t<span class=\"elementor-button-content-wrapper\">\n\t\t\t\t\t\t\t\t\t<span class=\"elementor-button-text\">Rechercher &amp; r\u00e9server<\/span>\n\t\t\t\t\t<\/span>\n\t\t\t\t\t<\/a>\n\t\t\t\t<\/div>\n\t\t\t\t\t\t\t\t<\/div>\n\t\t\t\t<\/div>\n\t\t\t\t\t<\/div>\n\t\t<\/div>\n\t\t\t\t<div class=\"elementor-column elementor-col-33 elementor-top-column elementor-element elementor-element-c3977a8\" data-id=\"c3977a8\" data-element_type=\"column\" data-e-type=\"column\">\n\t\t\t<div class=\"elementor-widget-wrap elementor-element-populated\">\n\t\t\t\t\t\t<div class=\"elementor-element elementor-element-e77fc35 elementor-widget__width-initial elementor-widget elementor-widget-button\" data-id=\"e77fc35\" data-element_type=\"widget\" data-e-type=\"widget\" data-widget_type=\"button.default\">\n\t\t\t\t<div class=\"elementor-widget-container\">\n\t\t\t\t\t\t\t\t\t<div class=\"elementor-button-wrapper\">\n\t\t\t\t\t<a class=\"elementor-button elementor-button-link elementor-size-sm\" href=\"https:\/\/hotelschoenegg.at\/fr\/demandes\/\">\n\t\t\t\t\t\t<span class=\"elementor-button-content-wrapper\">\n\t\t\t\t\t\t\t\t\t<span class=\"elementor-button-text\">Demande rapide<\/span>\n\t\t\t\t\t<\/span>\n\t\t\t\t\t<\/a>\n\t\t\t\t<\/div>\n\t\t\t\t\t\t\t\t<\/div>\n\t\t\t\t<\/div>\n\t\t\t\t\t<\/div>\n\t\t<\/div>\n\t\t\t\t<div class=\"elementor-column elementor-col-33 elementor-top-column elementor-element elementor-element-317dabb\" data-id=\"317dabb\" data-element_type=\"column\" data-e-type=\"column\">\n\t\t\t<div class=\"elementor-widget-wrap elementor-element-populated\">\n\t\t\t\t\t\t<div class=\"elementor-element elementor-element-9e2094d elementor-widget__width-initial elementor-widget elementor-widget-button\" data-id=\"9e2094d\" data-element_type=\"widget\" data-e-type=\"widget\" data-widget_type=\"button.default\">\n\t\t\t\t<div class=\"elementor-widget-container\">\n\t\t\t\t\t\t\t\t\t<div class=\"elementor-button-wrapper\">\n\t\t\t\t\t<a class=\"elementor-button elementor-button-link elementor-size-sm\" href=\"https:\/\/hotelschoenegg.at\/fr\/faire-du-velo-dans-la-region-de-seefeld\/\" target=\"_blank\">\n\t\t\t\t\t\t<span class=\"elementor-button-content-wrapper\">\n\t\t\t\t\t\t\t\t\t<span class=\"elementor-button-text\">Itin\u00e9raires et circuits pour v\u00e9los<\/span>\n\t\t\t\t\t<\/span>\n\t\t\t\t\t<\/a>\n\t\t\t\t<\/div>\n\t\t\t\t\t\t\t\t<\/div>\n\t\t\t\t<\/div>\n\t\t\t\t\t<\/div>\n\t\t<\/div>\n\t\t\t\t\t<\/div>\n\t\t<\/section>\n\t\t\t\t<\/div>\n\t\t","protected":false},"excerpt":{"rendered":"<p>Circuits pour les cyclistes de loisir, les v\u00e9t\u00e9tistes et les e-bikers<\/p>\n","protected":false},"author":3,"featured_media":1336,"comment_status":"closed","ping_status":"closed","sticky":false,"template":"","format":"standard","meta":{"footnotes":""},"categories":[32],"tags":[105,104,141,140,107,108,167,106,168,164,166,165,109,112,110,111],"class_list":["post-2064","post","type-post","status-publish","format-standard","has-post-thumbnail","hentry","category-offre","tag-faire-du-velo-seefeld-tirol-fr","tag-faire-du-velo-seefeld-tirol","tag-forfait-randonnee-tyrol","tag-offre-de-randonnee-au-tyrol","tag-offre-e-bike-tirol","tag-offre-velo-tirol","tag-offres-velo-au-tyrol","tag-pack-velo-electrique-tirol","tag-sejours-a-velo-au-tyrol","tag-sejours-randonnee-au-tyrol","tag-sentiers-de-velo-et-de-randonnee-a-seefeld-in-tirol","tag-sentiersde-randonnee-a-seefeld-in-tirol","tag-vacances-a-velo-autriche-seefeld","tag-vacances-a-velo-tirol-seefeld-autriche","tag-vacances-en-velo-electrique","tag-vacances-en-velo-electrique-seefeld-autriche-tirol"],"yoast_head":"<!-- This site is optimized with the Yoast SEO plugin v27.5 - https:\/\/yoast.com\/product\/yoast-seo-wordpress\/ -->\n<title>Faire du v\u00e9lo dans la r\u00e9gion de Seefeld - Hotel Sch\u00f6negg<\/title>\n<meta name=\"description\" content=\"Faire du v\u00e9lo dans la r\u00e9gion de Seefeld, c&#039;est aussi faire des balades pour le plaisir - pour les cyclistes, les v\u00e9t\u00e9tistes et bien s\u00fbr les e-bikers. Location de v\u00e9los \u00e9lectriques directement \u00e0 l&#039;h\u00f4tel !\" \/>\n<meta name=\"robots\" content=\"index, follow, max-snippet:-1, max-image-preview:large, max-video-preview:-1\" \/>\n<link rel=\"canonical\" href=\"https:\/\/hotelschoenegg.at\/fr\/velo\/\" \/>\n<meta property=\"og:locale\" content=\"fr_FR\" \/>\n<meta property=\"og:type\" content=\"article\" \/>\n<meta property=\"og:title\" content=\"Faire du v\u00e9lo dans la r\u00e9gion de Seefeld - Hotel Sch\u00f6negg\" \/>\n<meta property=\"og:description\" content=\"Faire du v\u00e9lo dans la r\u00e9gion de Seefeld, c&#039;est aussi faire des balades pour le plaisir - pour les cyclistes, les v\u00e9t\u00e9tistes et bien s\u00fbr les e-bikers. Location de v\u00e9los \u00e9lectriques directement \u00e0 l&#039;h\u00f4tel !\" \/>\n<meta property=\"og:url\" content=\"https:\/\/hotelschoenegg.at\/fr\/velo\/\" \/>\n<meta property=\"og:site_name\" content=\"Hotel Sch\u00f6negg\" \/>\n<meta property=\"article:published_time\" content=\"2021-11-19T13:10:38+00:00\" \/>\n<meta property=\"article:modified_time\" content=\"2026-02-26T11:56:00+00:00\" \/>\n<meta property=\"og:image\" content=\"https:\/\/hotelschoenegg.at\/wp-content\/uploads\/2021\/10\/Ausflug-mit-den-E-Bikes-1.jpg\" \/>\n\t<meta property=\"og:image:width\" content=\"2000\" \/>\n\t<meta property=\"og:image:height\" content=\"1333\" \/>\n\t<meta property=\"og:image:type\" content=\"image\/jpeg\" \/>\n<meta name=\"author\" content=\"schoenegg_d2Hgm\" \/>\n<meta name=\"twitter:card\" content=\"summary_large_image\" \/>\n<meta name=\"twitter:label1\" content=\"\u00c9crit par\" \/>\n\t<meta name=\"twitter:data1\" content=\"schoenegg_d2Hgm\" \/>\n\t<meta name=\"twitter:label2\" content=\"Dur\u00e9e de lecture estim\u00e9e\" \/>\n\t<meta name=\"twitter:data2\" content=\"2 minutes\" \/>\n<script type=\"application\/ld+json\" class=\"yoast-schema-graph\">{\"@context\":\"https:\\\/\\\/schema.org\",\"@graph\":[{\"@type\":\"Article\",\"@id\":\"https:\\\/\\\/hotelschoenegg.at\\\/fr\\\/velo\\\/#article\",\"isPartOf\":{\"@id\":\"https:\\\/\\\/hotelschoenegg.at\\\/fr\\\/velo\\\/\"},\"author\":{\"name\":\"schoenegg_d2Hgm\",\"@id\":\"https:\\\/\\\/hotelschoenegg.at\\\/fr\\\/#\\\/schema\\\/person\\\/6a880de3d91a59da912baf62960f971f\"},\"headline\":\"Faire du v\u00e9lo dans la r\u00e9gion de Seefeld\",\"datePublished\":\"2021-11-19T13:10:38+00:00\",\"dateModified\":\"2026-02-26T11:56:00+00:00\",\"mainEntityOfPage\":{\"@id\":\"https:\\\/\\\/hotelschoenegg.at\\\/fr\\\/velo\\\/\"},\"wordCount\":523,\"image\":{\"@id\":\"https:\\\/\\\/hotelschoenegg.at\\\/fr\\\/velo\\\/#primaryimage\"},\"thumbnailUrl\":\"https:\\\/\\\/hotelschoenegg.at\\\/wp-content\\\/uploads\\\/2021\\\/10\\\/Ausflug-mit-den-E-Bikes-1.jpg\",\"keywords\":[\"Faire du v\u00e9lo Seefeld Tirol\",\"faire du v\u00e9lo Seefeld Tirol\",\"forfait randonn\u00e9e Tyrol\",\"offre de randonn\u00e9e au Tyrol\",\"Offre E-Bike Tirol\",\"offre v\u00e9lo Tirol\",\"Offres v\u00e9lo au Tyrol\",\"Pack v\u00e9lo \u00e9lectrique Tirol\",\"S\u00e9jours \u00e0 v\u00e9lo au Tyrol\",\"S\u00e9jours randonn\u00e9e au Tyrol\",\"Sentiers de v\u00e9lo et de randonn\u00e9e \u00e0 Seefeld in Tirol\",\"Sentiersde randonn\u00e9e \u00e0 Seefeld in Tirol\",\"vacances \u00e0 v\u00e9lo autriche seefeld\",\"vacances \u00e0 v\u00e9lo tirol seefeld autriche\",\"Vacances en v\u00e9lo \u00e9lectrique\",\"Vacances en v\u00e9lo \u00e9lectrique seefeld autriche tirol\"],\"articleSection\":[\"Offre\"],\"inLanguage\":\"fr-FR\"},{\"@type\":\"WebPage\",\"@id\":\"https:\\\/\\\/hotelschoenegg.at\\\/fr\\\/velo\\\/\",\"url\":\"https:\\\/\\\/hotelschoenegg.at\\\/fr\\\/velo\\\/\",\"name\":\"Faire du v\u00e9lo dans la r\u00e9gion de Seefeld - Hotel Sch\u00f6negg\",\"isPartOf\":{\"@id\":\"https:\\\/\\\/hotelschoenegg.at\\\/fr\\\/#website\"},\"primaryImageOfPage\":{\"@id\":\"https:\\\/\\\/hotelschoenegg.at\\\/fr\\\/velo\\\/#primaryimage\"},\"image\":{\"@id\":\"https:\\\/\\\/hotelschoenegg.at\\\/fr\\\/velo\\\/#primaryimage\"},\"thumbnailUrl\":\"https:\\\/\\\/hotelschoenegg.at\\\/wp-content\\\/uploads\\\/2021\\\/10\\\/Ausflug-mit-den-E-Bikes-1.jpg\",\"datePublished\":\"2021-11-19T13:10:38+00:00\",\"dateModified\":\"2026-02-26T11:56:00+00:00\",\"author\":{\"@id\":\"https:\\\/\\\/hotelschoenegg.at\\\/fr\\\/#\\\/schema\\\/person\\\/6a880de3d91a59da912baf62960f971f\"},\"description\":\"Faire du v\u00e9lo dans la r\u00e9gion de Seefeld, c'est aussi faire des balades pour le plaisir - pour les cyclistes, les v\u00e9t\u00e9tistes et bien s\u00fbr les e-bikers. Location de v\u00e9los \u00e9lectriques directement \u00e0 l'h\u00f4tel !\",\"breadcrumb\":{\"@id\":\"https:\\\/\\\/hotelschoenegg.at\\\/fr\\\/velo\\\/#breadcrumb\"},\"inLanguage\":\"fr-FR\",\"potentialAction\":[{\"@type\":\"ReadAction\",\"target\":[\"https:\\\/\\\/hotelschoenegg.at\\\/fr\\\/velo\\\/\"]}]},{\"@type\":\"ImageObject\",\"inLanguage\":\"fr-FR\",\"@id\":\"https:\\\/\\\/hotelschoenegg.at\\\/fr\\\/velo\\\/#primaryimage\",\"url\":\"https:\\\/\\\/hotelschoenegg.at\\\/wp-content\\\/uploads\\\/2021\\\/10\\\/Ausflug-mit-den-E-Bikes-1.jpg\",\"contentUrl\":\"https:\\\/\\\/hotelschoenegg.at\\\/wp-content\\\/uploads\\\/2021\\\/10\\\/Ausflug-mit-den-E-Bikes-1.jpg\",\"width\":2000,\"height\":1333,\"caption\":\"Sommer in der Region Seefeld\"},{\"@type\":\"BreadcrumbList\",\"@id\":\"https:\\\/\\\/hotelschoenegg.at\\\/fr\\\/velo\\\/#breadcrumb\",\"itemListElement\":[{\"@type\":\"ListItem\",\"position\":1,\"name\":\"Startseite\",\"item\":\"https:\\\/\\\/hotelschoenegg.at\\\/fr\\\/\"},{\"@type\":\"ListItem\",\"position\":2,\"name\":\"Faire du v\u00e9lo dans la r\u00e9gion de Seefeld\"}]},{\"@type\":\"WebSite\",\"@id\":\"https:\\\/\\\/hotelschoenegg.at\\\/fr\\\/#website\",\"url\":\"https:\\\/\\\/hotelschoenegg.at\\\/fr\\\/\",\"name\":\"Hotel Sch\u00f6negg\",\"description\":\"Famili\u00e4res Hotel in Seefeld\",\"potentialAction\":[{\"@type\":\"SearchAction\",\"target\":{\"@type\":\"EntryPoint\",\"urlTemplate\":\"https:\\\/\\\/hotelschoenegg.at\\\/fr\\\/?s={search_term_string}\"},\"query-input\":{\"@type\":\"PropertyValueSpecification\",\"valueRequired\":true,\"valueName\":\"search_term_string\"}}],\"inLanguage\":\"fr-FR\"},{\"@type\":\"Person\",\"@id\":\"https:\\\/\\\/hotelschoenegg.at\\\/fr\\\/#\\\/schema\\\/person\\\/6a880de3d91a59da912baf62960f971f\",\"name\":\"schoenegg_d2Hgm\",\"url\":\"https:\\\/\\\/hotelschoenegg.at\\\/fr\\\/author\\\/schoenegg_d2hgm\\\/\"}]}<\/script>\n<!-- \/ Yoast SEO plugin. -->","yoast_head_json":{"title":"Faire du v\u00e9lo dans la r\u00e9gion de Seefeld - Hotel Sch\u00f6negg","description":"Faire du v\u00e9lo dans la r\u00e9gion de Seefeld, c'est aussi faire des balades pour le plaisir - pour les cyclistes, les v\u00e9t\u00e9tistes et bien s\u00fbr les e-bikers. Location de v\u00e9los \u00e9lectriques directement \u00e0 l'h\u00f4tel !","robots":{"index":"index","follow":"follow","max-snippet":"max-snippet:-1","max-image-preview":"max-image-preview:large","max-video-preview":"max-video-preview:-1"},"canonical":"https:\/\/hotelschoenegg.at\/fr\/velo\/","og_locale":"fr_FR","og_type":"article","og_title":"Faire du v\u00e9lo dans la r\u00e9gion de Seefeld - Hotel Sch\u00f6negg","og_description":"Faire du v\u00e9lo dans la r\u00e9gion de Seefeld, c'est aussi faire des balades pour le plaisir - pour les cyclistes, les v\u00e9t\u00e9tistes et bien s\u00fbr les e-bikers. Location de v\u00e9los \u00e9lectriques directement \u00e0 l'h\u00f4tel !","og_url":"https:\/\/hotelschoenegg.at\/fr\/velo\/","og_site_name":"Hotel Sch\u00f6negg","article_published_time":"2021-11-19T13:10:38+00:00","article_modified_time":"2026-02-26T11:56:00+00:00","og_image":[{"width":2000,"height":1333,"url":"https:\/\/hotelschoenegg.at\/wp-content\/uploads\/2021\/10\/Ausflug-mit-den-E-Bikes-1.jpg","type":"image\/jpeg"}],"author":"schoenegg_d2Hgm","twitter_card":"summary_large_image","twitter_misc":{"\u00c9crit par":"schoenegg_d2Hgm","Dur\u00e9e de lecture estim\u00e9e":"2 minutes"},"schema":{"@context":"https:\/\/schema.org","@graph":[{"@type":"Article","@id":"https:\/\/hotelschoenegg.at\/fr\/velo\/#article","isPartOf":{"@id":"https:\/\/hotelschoenegg.at\/fr\/velo\/"},"author":{"name":"schoenegg_d2Hgm","@id":"https:\/\/hotelschoenegg.at\/fr\/#\/schema\/person\/6a880de3d91a59da912baf62960f971f"},"headline":"Faire du v\u00e9lo dans la r\u00e9gion de Seefeld","datePublished":"2021-11-19T13:10:38+00:00","dateModified":"2026-02-26T11:56:00+00:00","mainEntityOfPage":{"@id":"https:\/\/hotelschoenegg.at\/fr\/velo\/"},"wordCount":523,"image":{"@id":"https:\/\/hotelschoenegg.at\/fr\/velo\/#primaryimage"},"thumbnailUrl":"https:\/\/hotelschoenegg.at\/wp-content\/uploads\/2021\/10\/Ausflug-mit-den-E-Bikes-1.jpg","keywords":["Faire du v\u00e9lo Seefeld Tirol","faire du v\u00e9lo Seefeld Tirol","forfait randonn\u00e9e Tyrol","offre de randonn\u00e9e au Tyrol","Offre E-Bike Tirol","offre v\u00e9lo Tirol","Offres v\u00e9lo au Tyrol","Pack v\u00e9lo \u00e9lectrique Tirol","S\u00e9jours \u00e0 v\u00e9lo au Tyrol","S\u00e9jours randonn\u00e9e au Tyrol","Sentiers de v\u00e9lo et de randonn\u00e9e \u00e0 Seefeld in Tirol","Sentiersde randonn\u00e9e \u00e0 Seefeld in Tirol","vacances \u00e0 v\u00e9lo autriche seefeld","vacances \u00e0 v\u00e9lo tirol seefeld autriche","Vacances en v\u00e9lo \u00e9lectrique","Vacances en v\u00e9lo \u00e9lectrique seefeld autriche tirol"],"articleSection":["Offre"],"inLanguage":"fr-FR"},{"@type":"WebPage","@id":"https:\/\/hotelschoenegg.at\/fr\/velo\/","url":"https:\/\/hotelschoenegg.at\/fr\/velo\/","name":"Faire du v\u00e9lo dans la r\u00e9gion de Seefeld - Hotel Sch\u00f6negg","isPartOf":{"@id":"https:\/\/hotelschoenegg.at\/fr\/#website"},"primaryImageOfPage":{"@id":"https:\/\/hotelschoenegg.at\/fr\/velo\/#primaryimage"},"image":{"@id":"https:\/\/hotelschoenegg.at\/fr\/velo\/#primaryimage"},"thumbnailUrl":"https:\/\/hotelschoenegg.at\/wp-content\/uploads\/2021\/10\/Ausflug-mit-den-E-Bikes-1.jpg","datePublished":"2021-11-19T13:10:38+00:00","dateModified":"2026-02-26T11:56:00+00:00","author":{"@id":"https:\/\/hotelschoenegg.at\/fr\/#\/schema\/person\/6a880de3d91a59da912baf62960f971f"},"description":"Faire du v\u00e9lo dans la r\u00e9gion de Seefeld, c'est aussi faire des balades pour le plaisir - pour les cyclistes, les v\u00e9t\u00e9tistes et bien s\u00fbr les e-bikers. Location de v\u00e9los \u00e9lectriques directement \u00e0 l'h\u00f4tel !","breadcrumb":{"@id":"https:\/\/hotelschoenegg.at\/fr\/velo\/#breadcrumb"},"inLanguage":"fr-FR","potentialAction":[{"@type":"ReadAction","target":["https:\/\/hotelschoenegg.at\/fr\/velo\/"]}]},{"@type":"ImageObject","inLanguage":"fr-FR","@id":"https:\/\/hotelschoenegg.at\/fr\/velo\/#primaryimage","url":"https:\/\/hotelschoenegg.at\/wp-content\/uploads\/2021\/10\/Ausflug-mit-den-E-Bikes-1.jpg","contentUrl":"https:\/\/hotelschoenegg.at\/wp-content\/uploads\/2021\/10\/Ausflug-mit-den-E-Bikes-1.jpg","width":2000,"height":1333,"caption":"Sommer in der Region Seefeld"},{"@type":"BreadcrumbList","@id":"https:\/\/hotelschoenegg.at\/fr\/velo\/#breadcrumb","itemListElement":[{"@type":"ListItem","position":1,"name":"Startseite","item":"https:\/\/hotelschoenegg.at\/fr\/"},{"@type":"ListItem","position":2,"name":"Faire du v\u00e9lo dans la r\u00e9gion de Seefeld"}]},{"@type":"WebSite","@id":"https:\/\/hotelschoenegg.at\/fr\/#website","url":"https:\/\/hotelschoenegg.at\/fr\/","name":"Hotel Sch\u00f6negg","description":"Famili\u00e4res Hotel in Seefeld","potentialAction":[{"@type":"SearchAction","target":{"@type":"EntryPoint","urlTemplate":"https:\/\/hotelschoenegg.at\/fr\/?s={search_term_string}"},"query-input":{"@type":"PropertyValueSpecification","valueRequired":true,"valueName":"search_term_string"}}],"inLanguage":"fr-FR"},{"@type":"Person","@id":"https:\/\/hotelschoenegg.at\/fr\/#\/schema\/person\/6a880de3d91a59da912baf62960f971f","name":"schoenegg_d2Hgm","url":"https:\/\/hotelschoenegg.at\/fr\/author\/schoenegg_d2hgm\/"}]}},"_links":{"self":[{"href":"https:\/\/hotelschoenegg.at\/fr\/wp-json\/wp\/v2\/posts\/2064","targetHints":{"allow":["GET"]}}],"collection":[{"href":"https:\/\/hotelschoenegg.at\/fr\/wp-json\/wp\/v2\/posts"}],"about":[{"href":"https:\/\/hotelschoenegg.at\/fr\/wp-json\/wp\/v2\/types\/post"}],"author":[{"embeddable":true,"href":"https:\/\/hotelschoenegg.at\/fr\/wp-json\/wp\/v2\/users\/3"}],"replies":[{"embeddable":true,"href":"https:\/\/hotelschoenegg.at\/fr\/wp-json\/wp\/v2\/comments?post=2064"}],"version-history":[{"count":28,"href":"https:\/\/hotelschoenegg.at\/fr\/wp-json\/wp\/v2\/posts\/2064\/revisions"}],"predecessor-version":[{"id":11829,"href":"https:\/\/hotelschoenegg.at\/fr\/wp-json\/wp\/v2\/posts\/2064\/revisions\/11829"}],"wp:featuredmedia":[{"embeddable":true,"href":"https:\/\/hotelschoenegg.at\/fr\/wp-json\/wp\/v2\/media\/1336"}],"wp:attachment":[{"href":"https:\/\/hotelschoenegg.at\/fr\/wp-json\/wp\/v2\/media?parent=2064"}],"wp:term":[{"taxonomy":"category","embeddable":true,"href":"https:\/\/hotelschoenegg.at\/fr\/wp-json\/wp\/v2\/categories?post=2064"},{"taxonomy":"post_tag","embeddable":true,"href":"https:\/\/hotelschoenegg.at\/fr\/wp-json\/wp\/v2\/tags?post=2064"}],"curies":[{"name":"wp","href":"https:\/\/api.w.org\/{rel}","templated":true}]}}